{"id":3068,"date":"2018-04-08T14:07:30","date_gmt":"2018-04-08T14:07:30","guid":{"rendered":"https:\/\/dorimedia.com\/?p=3068"},"modified":"2018-04-10T14:55:59","modified_gmt":"2018-04-10T14:55:59","slug":"espanol-dori-media-will-distribute-the-2nd-season-of-el-marginal","status":"publish","type":"post","link":"https:\/\/dorimedia.com\/es\/publications\/espanol-dori-media-will-distribute-the-2nd-season-of-el-marginal\/","title":{"rendered":"DORI MEDIA DISTRIBUIRA LA SEGUNDA TEMPORADA DE \u2019EL MARGINAL\u2019"},"content":{"rendered":"<p><\/p>\n<h2>La primera temporada fue vendida a Francia (Canal+), Am\u00e9rica Latina, Estados Unidos, Reino Unido, Espa\u00f1a, Portugal, Polonia e Israel.<\/h2>\n<p>Dori Media Group (\u201cDMG\u201d, \u201cla Empresa\u201d) anuncia que ha firmado el acuerdo con\u00a0 Underground Producciones y Contenidos P\u00fablicos SE, por la segunda temporada de la ficci\u00f3n ganadora del Premio Martin Fierro de Oro y del Grand Prix de Series Mania \u2018El Marginal\u2019. La serie es una co-producci\u00f3n de Underground Producciones y Contenidos P\u00fablicos SE, con distribuci\u00f3n exclusiva de Dori Media Group.<\/p>\n<p>El acuerdo llega luego del gran \u00e9xito de la primera temporada en Estados Unidos, Francia, Am\u00e9rica Latina, Reino Unido, Espa\u00f1a, Portugal, Polonia e Israel. La primera temporada de \u201cEl Marginal\u201d fue lanzada en la TV P\u00fablica de Argentina en Junio de 2016, donde logr\u00f3 un rating 3 veces mayor al obtenido hasta el momento en el mismo horario por el canal. Le ficci\u00f3n ha ganado en el 2017 los tres premios m\u00e1s importantes en Argentina, que se entregan a la Radio y la Televisi\u00f3n, los Martin Fierro, incluyendo el Mart\u00edn Fierro de Oro, la mejor serie semanal y el mejor guion. Fue tambi\u00e9n galardonado en el Festival Series Mania con el Gran Premio en el segmento de Televisi\u00f3n Internacional de series de TV y tambi\u00e9n obtuvo 13 premios Tato. Adem\u00e1s, El Marginal fue incluido en la lista de \u00abFresh TV\u00bb de The Wit, y tambi\u00e9n fue nominado para los Premios Platino como la Mejor Serie Iberoamericana.<\/p>\n<p>Una pre-cuela de 8 episodios, la segunda temporada tendr\u00e1 la mayor\u00eda del elenco de la primera temporada en el escenario, y se enfocar\u00e1 Three years before season 1. The Borges brothers enter the prison and are involved in a war of power with Sapo, a bloodthirsty prisoner who governs San Onofre. An alliance with Patricio, a doctor locked up for a crime he did not commit, is the difference between life and death.<\/p>\n<p>Michal Nashiv, CEO de Dori Media Contenidos, coment\u00f3: \u201cEstamos entusiasmados de ver que c\u00f3mo contin\u00faa la alianza con Underground y Contenidos P\u00fablicos SE. El lanzamiento de la temporada 2 de &#8216;El Marginal&#8217; es un hito importante para Dori Media, y estamos felices de que se haya reconocido el gran potencial de la ficci\u00f3n. Creemos que sus altos est\u00e1ndares de producci\u00f3n y atractivo internacional tendr\u00e1n nuevos \u00e9xitos en todo el mundo, ya que la audiencia quiere saber la historia detr\u00e1s de los eventos en la primera temporada. &#8216;El Marginal&#8217; ha tenido dos a\u00f1os notablemente exitosos, y esperamos que el \u00e9xito de los rating se replique en todo el mundo, ya que nuestros socios internacionales elegir\u00e1n transmitir la pre-cuela de la ficci\u00f3n\u00bb.<\/p>\n<p>Gonzalo Armendares, CEO de Underground Producciones coment\u00f3: Estamos realmente felices y agradecidos Contenidos P\u00fablicos SE haya confiado en esta nueva temporada del programa donde en forma de pre-cuela contaremos el camino previo de nuestros personajes que tanta afinidad lograron con el p\u00fablico y esperamos con el apoyo de distribuci\u00f3n de Dori Media superar el \u00e9xito internacional de nuestra prime temporada y que nuestros contenidos lleguen a m\u00e1s territorios.<\/p>\n<p>Gabriela Ricardes,\u00a0Secretaria de Contenidos P\u00fablicos\u00a0 coment\u00f3: \u00abNos enorgullece presentar esta segunda temporada de El Marginal, en la televisi\u00f3n p\u00fablica\u00a0 argentina.<br \/>\nTrabajamos para promover contenidos p\u00fablicos de calidad para los argentinos y lo hacemos\u00a0 en alianzas estrat\u00e9gicas con otros socios para\u00a0 irradiar tambi\u00e9n el talento argentino al mundo. \u00a0Creemos que el sector audiovisual, tiene un enorme potencial de crecimiento.\u00bb<\/p>","protected":false},"excerpt":{"rendered":"<p>La primera temporada fue vendida a Francia (Canal+), Am\u00e9rica Latina, Estados Unidos, Reino Unido, Espa\u00f1a, Portugal, Polonia e Israel. Dori Media Group (\u201cDMG\u201d, \u201cla Empresa\u201d) anuncia que ha firmado el acuerdo con\u00a0 Underground Producciones y Contenidos P\u00fablicos SE, por la segunda temporada de la ficci\u00f3n ganadora del Premio Martin Fierro de Oro y del Grand[&#8230;] <\/p>\n<p class=\"mt-15\"><a class=\"btn btn-color btn-sm\" href=\"https:\/\/dorimedia.com\/es\/publications\/espanol-dori-media-will-distribute-the-2nd-season-of-el-marginal\/\">Read More<\/a><\/p>\n","protected":false},"author":1,"featured_media":0,"comment_status":"closed","ping_status":"closed","sticky":false,"template":"","format":"standard","meta":{"footnotes":""},"categories":[37],"tags":[],"class_list":["post-3068","post","type-post","status-publish","format-standard","hentry","category-publications"],"yoast_head":"<!-- This site is optimized with the Yoast SEO plugin v27.5 - https:\/\/yoast.com\/product\/yoast-seo-wordpress\/ -->\n<title>DORI MEDIA DISTRIBUIRA LA SEGUNDA TEMPORADA DE \u2019EL MARGINAL\u2019 - DORI MEDIA<\/title>\n<meta name=\"robots\" content=\"index, follow, max-snippet:-1, max-image-preview:large, max-video-preview:-1\" \/>\n<link rel=\"canonical\" href=\"https:\/\/dorimedia.com\/publications\/espanol-dori-media-will-distribute-the-2nd-season-of-el-marginal\/\" \/>\n<meta property=\"og:locale\" content=\"es_ES\" \/>\n<meta property=\"og:type\" content=\"article\" \/>\n<meta property=\"og:title\" content=\"DORI MEDIA DISTRIBUIRA LA SEGUNDA TEMPORADA DE \u2019EL MARGINAL\u2019 - DORI MEDIA\" \/>\n<meta property=\"og:description\" content=\"La primera temporada fue vendida a Francia (Canal+), Am\u00e9rica Latina, Estados Unidos, Reino Unido, Espa\u00f1a, Portugal, Polonia e Israel. Dori Media Group (\u201cDMG\u201d, \u201cla Empresa\u201d) anuncia que ha firmado el acuerdo con\u00a0 Underground Producciones y Contenidos P\u00fablicos SE, por la segunda temporada de la ficci\u00f3n ganadora del Premio Martin Fierro de Oro y del Grand[...] Read More\" \/>\n<meta property=\"og:url\" content=\"https:\/\/dorimedia.com\/publications\/espanol-dori-media-will-distribute-the-2nd-season-of-el-marginal\/\" \/>\n<meta property=\"og:site_name\" content=\"DORI MEDIA\" \/>\n<meta property=\"article:published_time\" content=\"2018-04-08T14:07:30+00:00\" \/>\n<meta property=\"article:modified_time\" content=\"2018-04-10T14:55:59+00:00\" \/>\n<meta name=\"author\" content=\"admin\" \/>\n<meta name=\"twitter:card\" content=\"summary_large_image\" \/>\n<meta name=\"twitter:label1\" content=\"Escrito por\" \/>\n\t<meta name=\"twitter:data1\" content=\"admin\" \/>\n\t<meta name=\"twitter:label2\" content=\"Tiempo de lectura\" \/>\n\t<meta name=\"twitter:data2\" content=\"6 minutos\" \/>\n<script type=\"application\/ld+json\" class=\"yoast-schema-graph\">{\"@context\":\"https:\\\/\\\/schema.org\",\"@graph\":[{\"@type\":\"Article\",\"@id\":\"https:\\\/\\\/dorimedia.com\\\/publications\\\/espanol-dori-media-will-distribute-the-2nd-season-of-el-marginal\\\/#article\",\"isPartOf\":{\"@id\":\"https:\\\/\\\/dorimedia.com\\\/publications\\\/espanol-dori-media-will-distribute-the-2nd-season-of-el-marginal\\\/\"},\"author\":{\"name\":\"admin\",\"@id\":\"https:\\\/\\\/dorimedia.com\\\/#\\\/schema\\\/person\\\/c288a87f9e9ec55e019a3b4633c91389\"},\"headline\":\"DORI MEDIA DISTRIBUIRA LA SEGUNDA TEMPORADA DE \u2019EL MARGINAL\u2019\",\"datePublished\":\"2018-04-08T14:07:30+00:00\",\"dateModified\":\"2018-04-10T14:55:59+00:00\",\"mainEntityOfPage\":{\"@id\":\"https:\\\/\\\/dorimedia.com\\\/publications\\\/espanol-dori-media-will-distribute-the-2nd-season-of-el-marginal\\\/\"},\"wordCount\":1155,\"articleSection\":[\"Publications\"],\"inLanguage\":\"es\"},{\"@type\":\"WebPage\",\"@id\":\"https:\\\/\\\/dorimedia.com\\\/publications\\\/espanol-dori-media-will-distribute-the-2nd-season-of-el-marginal\\\/\",\"url\":\"https:\\\/\\\/dorimedia.com\\\/publications\\\/espanol-dori-media-will-distribute-the-2nd-season-of-el-marginal\\\/\",\"name\":\"DORI MEDIA DISTRIBUIRA LA SEGUNDA TEMPORADA DE \u2019EL MARGINAL\u2019 - DORI MEDIA\",\"isPartOf\":{\"@id\":\"https:\\\/\\\/dorimedia.com\\\/#website\"},\"datePublished\":\"2018-04-08T14:07:30+00:00\",\"dateModified\":\"2018-04-10T14:55:59+00:00\",\"author\":{\"@id\":\"https:\\\/\\\/dorimedia.com\\\/#\\\/schema\\\/person\\\/c288a87f9e9ec55e019a3b4633c91389\"},\"breadcrumb\":{\"@id\":\"https:\\\/\\\/dorimedia.com\\\/publications\\\/espanol-dori-media-will-distribute-the-2nd-season-of-el-marginal\\\/#breadcrumb\"},\"inLanguage\":\"es\",\"potentialAction\":[{\"@type\":\"ReadAction\",\"target\":[\"https:\\\/\\\/dorimedia.com\\\/publications\\\/espanol-dori-media-will-distribute-the-2nd-season-of-el-marginal\\\/\"]}]},{\"@type\":\"BreadcrumbList\",\"@id\":\"https:\\\/\\\/dorimedia.com\\\/publications\\\/espanol-dori-media-will-distribute-the-2nd-season-of-el-marginal\\\/#breadcrumb\",\"itemListElement\":[{\"@type\":\"ListItem\",\"position\":1,\"name\":\"Home\",\"item\":\"https:\\\/\\\/dorimedia.com\\\/\"},{\"@type\":\"ListItem\",\"position\":2,\"name\":\"DORI MEDIA WILL DISTRIBUTE THE 2nd SEASON OF \u2019EL MARGINAL\u2019\"}]},{\"@type\":\"WebSite\",\"@id\":\"https:\\\/\\\/dorimedia.com\\\/#website\",\"url\":\"https:\\\/\\\/dorimedia.com\\\/\",\"name\":\"DORI MEDIA\",\"description\":\"Dori Media is an international group of media companies with offices is Israel, Switzerland, Argentina and the USA. The groups&#039; business includes production, broadcast (TV channels), distribution and technical services.\",\"potentialAction\":[{\"@type\":\"SearchAction\",\"target\":{\"@type\":\"EntryPoint\",\"urlTemplate\":\"https:\\\/\\\/dorimedia.com\\\/?s={search_term_string}\"},\"query-input\":{\"@type\":\"PropertyValueSpecification\",\"valueRequired\":true,\"valueName\":\"search_term_string\"}}],\"inLanguage\":\"es\"},{\"@type\":\"Person\",\"@id\":\"https:\\\/\\\/dorimedia.com\\\/#\\\/schema\\\/person\\\/c288a87f9e9ec55e019a3b4633c91389\",\"name\":\"admin\",\"image\":{\"@type\":\"ImageObject\",\"inLanguage\":\"es\",\"@id\":\"https:\\\/\\\/secure.gravatar.com\\\/avatar\\\/2cd82945a664d076473a014ca00741525ac8ad7c0f042a97c9ef7e509ac4e15f?s=96&d=mm&r=g\",\"url\":\"https:\\\/\\\/secure.gravatar.com\\\/avatar\\\/2cd82945a664d076473a014ca00741525ac8ad7c0f042a97c9ef7e509ac4e15f?s=96&d=mm&r=g\",\"contentUrl\":\"https:\\\/\\\/secure.gravatar.com\\\/avatar\\\/2cd82945a664d076473a014ca00741525ac8ad7c0f042a97c9ef7e509ac4e15f?s=96&d=mm&r=g\",\"caption\":\"admin\"},\"url\":\"https:\\\/\\\/dorimedia.com\\\/es\\\/author\\\/admin\\\/\"}]}<\/script>\n<!-- \/ Yoast SEO plugin. -->","yoast_head_json":{"title":"DORI MEDIA DISTRIBUIRA LA SEGUNDA TEMPORADA DE \u2019EL MARGINAL\u2019 - DORI MEDIA","robots":{"index":"index","follow":"follow","max-snippet":"max-snippet:-1","max-image-preview":"max-image-preview:large","max-video-preview":"max-video-preview:-1"},"canonical":"https:\/\/dorimedia.com\/publications\/espanol-dori-media-will-distribute-the-2nd-season-of-el-marginal\/","og_locale":"es_ES","og_type":"article","og_title":"DORI MEDIA DISTRIBUIRA LA SEGUNDA TEMPORADA DE \u2019EL MARGINAL\u2019 - DORI MEDIA","og_description":"La primera temporada fue vendida a Francia (Canal+), Am\u00e9rica Latina, Estados Unidos, Reino Unido, Espa\u00f1a, Portugal, Polonia e Israel. Dori Media Group (\u201cDMG\u201d, \u201cla Empresa\u201d) anuncia que ha firmado el acuerdo con\u00a0 Underground Producciones y Contenidos P\u00fablicos SE, por la segunda temporada de la ficci\u00f3n ganadora del Premio Martin Fierro de Oro y del Grand[...] Read More","og_url":"https:\/\/dorimedia.com\/publications\/espanol-dori-media-will-distribute-the-2nd-season-of-el-marginal\/","og_site_name":"DORI MEDIA","article_published_time":"2018-04-08T14:07:30+00:00","article_modified_time":"2018-04-10T14:55:59+00:00","author":"admin","twitter_card":"summary_large_image","twitter_misc":{"Escrito por":"admin","Tiempo de lectura":"6 minutos"},"schema":{"@context":"https:\/\/schema.org","@graph":[{"@type":"Article","@id":"https:\/\/dorimedia.com\/publications\/espanol-dori-media-will-distribute-the-2nd-season-of-el-marginal\/#article","isPartOf":{"@id":"https:\/\/dorimedia.com\/publications\/espanol-dori-media-will-distribute-the-2nd-season-of-el-marginal\/"},"author":{"name":"admin","@id":"https:\/\/dorimedia.com\/#\/schema\/person\/c288a87f9e9ec55e019a3b4633c91389"},"headline":"DORI MEDIA DISTRIBUIRA LA SEGUNDA TEMPORADA DE \u2019EL MARGINAL\u2019","datePublished":"2018-04-08T14:07:30+00:00","dateModified":"2018-04-10T14:55:59+00:00","mainEntityOfPage":{"@id":"https:\/\/dorimedia.com\/publications\/espanol-dori-media-will-distribute-the-2nd-season-of-el-marginal\/"},"wordCount":1155,"articleSection":["Publications"],"inLanguage":"es"},{"@type":"WebPage","@id":"https:\/\/dorimedia.com\/publications\/espanol-dori-media-will-distribute-the-2nd-season-of-el-marginal\/","url":"https:\/\/dorimedia.com\/publications\/espanol-dori-media-will-distribute-the-2nd-season-of-el-marginal\/","name":"DORI MEDIA DISTRIBUIRA LA SEGUNDA TEMPORADA DE \u2019EL MARGINAL\u2019 - DORI MEDIA","isPartOf":{"@id":"https:\/\/dorimedia.com\/#website"},"datePublished":"2018-04-08T14:07:30+00:00","dateModified":"2018-04-10T14:55:59+00:00","author":{"@id":"https:\/\/dorimedia.com\/#\/schema\/person\/c288a87f9e9ec55e019a3b4633c91389"},"breadcrumb":{"@id":"https:\/\/dorimedia.com\/publications\/espanol-dori-media-will-distribute-the-2nd-season-of-el-marginal\/#breadcrumb"},"inLanguage":"es","potentialAction":[{"@type":"ReadAction","target":["https:\/\/dorimedia.com\/publications\/espanol-dori-media-will-distribute-the-2nd-season-of-el-marginal\/"]}]},{"@type":"BreadcrumbList","@id":"https:\/\/dorimedia.com\/publications\/espanol-dori-media-will-distribute-the-2nd-season-of-el-marginal\/#breadcrumb","itemListElement":[{"@type":"ListItem","position":1,"name":"Home","item":"https:\/\/dorimedia.com\/"},{"@type":"ListItem","position":2,"name":"DORI MEDIA WILL DISTRIBUTE THE 2nd SEASON OF \u2019EL MARGINAL\u2019"}]},{"@type":"WebSite","@id":"https:\/\/dorimedia.com\/#website","url":"https:\/\/dorimedia.com\/","name":"DORI MEDIA","description":"Dori Media is an international group of media companies with offices is Israel, Switzerland, Argentina and the USA. The groups&#039; business includes production, broadcast (TV channels), distribution and technical services.","potentialAction":[{"@type":"SearchAction","target":{"@type":"EntryPoint","urlTemplate":"https:\/\/dorimedia.com\/?s={search_term_string}"},"query-input":{"@type":"PropertyValueSpecification","valueRequired":true,"valueName":"search_term_string"}}],"inLanguage":"es"},{"@type":"Person","@id":"https:\/\/dorimedia.com\/#\/schema\/person\/c288a87f9e9ec55e019a3b4633c91389","name":"admin","image":{"@type":"ImageObject","inLanguage":"es","@id":"https:\/\/secure.gravatar.com\/avatar\/2cd82945a664d076473a014ca00741525ac8ad7c0f042a97c9ef7e509ac4e15f?s=96&d=mm&r=g","url":"https:\/\/secure.gravatar.com\/avatar\/2cd82945a664d076473a014ca00741525ac8ad7c0f042a97c9ef7e509ac4e15f?s=96&d=mm&r=g","contentUrl":"https:\/\/secure.gravatar.com\/avatar\/2cd82945a664d076473a014ca00741525ac8ad7c0f042a97c9ef7e509ac4e15f?s=96&d=mm&r=g","caption":"admin"},"url":"https:\/\/dorimedia.com\/es\/author\/admin\/"}]}},"_links":{"self":[{"href":"https:\/\/dorimedia.com\/es\/wp-json\/wp\/v2\/posts\/3068","targetHints":{"allow":["GET"]}}],"collection":[{"href":"https:\/\/dorimedia.com\/es\/wp-json\/wp\/v2\/posts"}],"about":[{"href":"https:\/\/dorimedia.com\/es\/wp-json\/wp\/v2\/types\/post"}],"author":[{"embeddable":true,"href":"https:\/\/dorimedia.com\/es\/wp-json\/wp\/v2\/users\/1"}],"replies":[{"embeddable":true,"href":"https:\/\/dorimedia.com\/es\/wp-json\/wp\/v2\/comments?post=3068"}],"version-history":[{"count":2,"href":"https:\/\/dorimedia.com\/es\/wp-json\/wp\/v2\/posts\/3068\/revisions"}],"predecessor-version":[{"id":3071,"href":"https:\/\/dorimedia.com\/es\/wp-json\/wp\/v2\/posts\/3068\/revisions\/3071"}],"wp:attachment":[{"href":"https:\/\/dorimedia.com\/es\/wp-json\/wp\/v2\/media?parent=3068"}],"wp:term":[{"taxonomy":"category","embeddable":true,"href":"https:\/\/dorimedia.com\/es\/wp-json\/wp\/v2\/categories?post=3068"},{"taxonomy":"post_tag","embeddable":true,"href":"https:\/\/dorimedia.com\/es\/wp-json\/wp\/v2\/tags?post=3068"}],"curies":[{"name":"wp","href":"https:\/\/api.w.org\/{rel}","templated":true}]}}