{"id":3235,"date":"2019-05-16T06:54:39","date_gmt":"2019-05-16T06:54:39","guid":{"rendered":"https:\/\/dorimedia.com\/?p=3235"},"modified":"2019-05-21T06:20:28","modified_gmt":"2019-05-21T06:20:28","slug":"espanol-dori-medias-el-marginal-returns-to-universal-tv-with-season-2","status":"publish","type":"post","link":"https:\/\/dorimedia.com\/es\/publications\/espanol-dori-medias-el-marginal-returns-to-universal-tv-with-season-2\/","title":{"rendered":"\u2018EL MARGINAL\u2019 DE DORI MEDIA VUELVE A UNIVERSAL TV CON LA TEMPORADA 2"},"content":{"rendered":"<p><\/p>\n<h2><em>Temporada 1 y 2 se emitir\u00e1n en Am\u00e9rcia Latina en Universal TV<\/em><\/h2>\n<p>&nbsp;<\/p>\n<p><strong>Dori Media Group (\u201cDMG\u201d \u201cla Compa\u00f1\u00eda\u201d)<\/strong> se complace de ver el \u00e9xito continuo logrado por la popular serie <strong>\u201cEl Marginal\u201d<\/strong> en Am\u00e9rica Latina. La temporada 1 de la galardonada serie de drama y crimen volver\u00e1 a las pantallas de Am\u00e9rica Latina en <strong>Universal TV<\/strong> para recordarles a los televidentes la fascinante historia de un ex polic\u00eda Miguel Di Marco en la prisi\u00f3n de San Onofre. Esto precede al estreno tan esperado de la temporada 2.<\/p>\n<p>El acuerdo sigue las ventas globales de la serie a Estados Unidos, Francia, Am\u00e9rica Latina, Reino Unido, Espa\u00f1a, Portugal, Israel, Polonia, Turqu\u00eda, los pa\u00edses Balcanes y Uruguay. Anteriormente, el drama ha ganado tres estatuillas en los premios m\u00e1s importantes de Argentina, los premios Martin Fierro, incluido el Premio de Oro, la Mejor Mini-Serie y los Mejores Guionistas. El programa tambi\u00e9n recibi\u00f3 el Gran Premio del Festival de Mania y 13 reconocimientos en los Premios Tato y fue nominado a Mejor miniserie y Mejor actor masculino en los Premios Platino 2019.<\/p>\n<p>&nbsp;<\/p>\n<p>La serie se centra en la historia de Miguel Di Marco, un ex polic\u00eda que ingresa en la prisi\u00f3n de San Onofre bajo una identidad falsa como convicto. Su misi\u00f3n es infiltrarse en una pandilla de prisioneros que han secuestrado a la hija de un juez prominente. Miguel debe descubrir el paradero de la ni\u00f1a y liberarla.<\/p>\n<p>&nbsp;<\/p>\n<p>\u00c9l cumple el objetivo, pero alguien lo traiciona, dej\u00e1ndolo tras las rejas sin testigos que conozcan su verdadera identidad. Miguel pronto se dar\u00e1 cuenta de que la \u00fanica forma de salvar su vida y recuperar su identidad es escapar con la ayuda de un aliado inesperado, Anna, una trabajadora social en la prisi\u00f3n.<\/p>\n<p>&nbsp;<\/p>\n<p>La temporada 2 es una precuela de la temporada 1 que tiene lugar tres a\u00f1os antes. Los hermanos Borges se encuentran en la prisi\u00f3n y se involucran en una guerra de poder con El Sapo, un prisionero que gobierna San Onofre. La alianza de Miguel con Patricio, un m\u00e9dico que fue detenido por un crimen que no hab\u00eda cometido, est\u00e1 genuinamente al borde de la vida y la muerte.<\/p>\n<p><strong>Nadav Palti, CEO of Dori Media, commented:<\/strong> <em>\u00a8Estamos emocionados de ver a Universal TV, la referencia m\u00e1xima del canal internacional en historias cautivadoras de drama policial y persecuci\u00f3n, reafirmar su inter\u00e9s en &#8216;El Marginal&#8217;, que es otro respaldo sorprendente de la calidad del programa. Estamos encantados con el \u00e9xito en ratings de la Temporada 1, que esperamos repetir en esta segunda ronda, gracias a la presencia significativa de Universal TV y <\/em><\/p>","protected":false},"excerpt":{"rendered":"<p>Temporada 1 y 2 se emitir\u00e1n en Am\u00e9rcia Latina en Universal TV &nbsp; Dori Media Group (\u201cDMG\u201d \u201cla Compa\u00f1\u00eda\u201d) se complace de ver el \u00e9xito continuo logrado por la popular serie \u201cEl Marginal\u201d en Am\u00e9rica Latina. La temporada 1 de la galardonada serie de drama y crimen volver\u00e1 a las pantallas de Am\u00e9rica Latina en[&#8230;] <\/p>\n<p class=\"mt-15\"><a class=\"btn btn-color btn-sm\" href=\"https:\/\/dorimedia.com\/es\/publications\/espanol-dori-medias-el-marginal-returns-to-universal-tv-with-season-2\/\">Read More<\/a><\/p>\n","protected":false},"author":1,"featured_media":0,"comment_status":"closed","ping_status":"closed","sticky":false,"template":"","format":"standard","meta":{"footnotes":""},"categories":[37],"tags":[],"class_list":["post-3235","post","type-post","status-publish","format-standard","hentry","category-publications"],"yoast_head":"<!-- This site is optimized with the Yoast SEO plugin v27.5 - https:\/\/yoast.com\/product\/yoast-seo-wordpress\/ -->\n<title>\u2018EL MARGINAL\u2019 DE DORI MEDIA VUELVE A UNIVERSAL TV CON LA TEMPORADA 2 - DORI MEDIA<\/title>\n<meta name=\"robots\" content=\"index, follow, max-snippet:-1, max-image-preview:large, max-video-preview:-1\" \/>\n<link rel=\"canonical\" href=\"https:\/\/dorimedia.com\/publications\/espanol-dori-medias-el-marginal-returns-to-universal-tv-with-season-2\/\" \/>\n<meta property=\"og:locale\" content=\"es_ES\" \/>\n<meta property=\"og:type\" content=\"article\" \/>\n<meta property=\"og:title\" content=\"\u2018EL MARGINAL\u2019 DE DORI MEDIA VUELVE A UNIVERSAL TV CON LA TEMPORADA 2 - DORI MEDIA\" \/>\n<meta property=\"og:description\" content=\"Temporada 1 y 2 se emitir\u00e1n en Am\u00e9rcia Latina en Universal TV &nbsp; Dori Media Group (\u201cDMG\u201d \u201cla Compa\u00f1\u00eda\u201d) se complace de ver el \u00e9xito continuo logrado por la popular serie \u201cEl Marginal\u201d en Am\u00e9rica Latina. La temporada 1 de la galardonada serie de drama y crimen volver\u00e1 a las pantallas de Am\u00e9rica Latina en[...] Read More\" \/>\n<meta property=\"og:url\" content=\"https:\/\/dorimedia.com\/publications\/espanol-dori-medias-el-marginal-returns-to-universal-tv-with-season-2\/\" \/>\n<meta property=\"og:site_name\" content=\"DORI MEDIA\" \/>\n<meta property=\"article:published_time\" content=\"2019-05-16T06:54:39+00:00\" \/>\n<meta property=\"article:modified_time\" content=\"2019-05-21T06:20:28+00:00\" \/>\n<meta name=\"author\" content=\"admin\" \/>\n<meta name=\"twitter:card\" content=\"summary_large_image\" \/>\n<meta name=\"twitter:label1\" content=\"Escrito por\" \/>\n\t<meta name=\"twitter:data1\" content=\"admin\" \/>\n\t<meta name=\"twitter:label2\" content=\"Tiempo de lectura\" \/>\n\t<meta name=\"twitter:data2\" content=\"4 minutos\" \/>\n<script type=\"application\/ld+json\" class=\"yoast-schema-graph\">{\"@context\":\"https:\\\/\\\/schema.org\",\"@graph\":[{\"@type\":\"Article\",\"@id\":\"https:\\\/\\\/dorimedia.com\\\/publications\\\/espanol-dori-medias-el-marginal-returns-to-universal-tv-with-season-2\\\/#article\",\"isPartOf\":{\"@id\":\"https:\\\/\\\/dorimedia.com\\\/publications\\\/espanol-dori-medias-el-marginal-returns-to-universal-tv-with-season-2\\\/\"},\"author\":{\"name\":\"admin\",\"@id\":\"https:\\\/\\\/dorimedia.com\\\/#\\\/schema\\\/person\\\/c288a87f9e9ec55e019a3b4633c91389\"},\"headline\":\"\u2018EL MARGINAL\u2019 DE DORI MEDIA VUELVE A UNIVERSAL TV CON LA TEMPORADA 2\",\"datePublished\":\"2019-05-16T06:54:39+00:00\",\"dateModified\":\"2019-05-21T06:20:28+00:00\",\"mainEntityOfPage\":{\"@id\":\"https:\\\/\\\/dorimedia.com\\\/publications\\\/espanol-dori-medias-el-marginal-returns-to-universal-tv-with-season-2\\\/\"},\"wordCount\":891,\"articleSection\":[\"Publications\"],\"inLanguage\":\"es\"},{\"@type\":\"WebPage\",\"@id\":\"https:\\\/\\\/dorimedia.com\\\/publications\\\/espanol-dori-medias-el-marginal-returns-to-universal-tv-with-season-2\\\/\",\"url\":\"https:\\\/\\\/dorimedia.com\\\/publications\\\/espanol-dori-medias-el-marginal-returns-to-universal-tv-with-season-2\\\/\",\"name\":\"\u2018EL MARGINAL\u2019 DE DORI MEDIA VUELVE A UNIVERSAL TV CON LA TEMPORADA 2 - DORI MEDIA\",\"isPartOf\":{\"@id\":\"https:\\\/\\\/dorimedia.com\\\/#website\"},\"datePublished\":\"2019-05-16T06:54:39+00:00\",\"dateModified\":\"2019-05-21T06:20:28+00:00\",\"author\":{\"@id\":\"https:\\\/\\\/dorimedia.com\\\/#\\\/schema\\\/person\\\/c288a87f9e9ec55e019a3b4633c91389\"},\"breadcrumb\":{\"@id\":\"https:\\\/\\\/dorimedia.com\\\/publications\\\/espanol-dori-medias-el-marginal-returns-to-universal-tv-with-season-2\\\/#breadcrumb\"},\"inLanguage\":\"es\",\"potentialAction\":[{\"@type\":\"ReadAction\",\"target\":[\"https:\\\/\\\/dorimedia.com\\\/publications\\\/espanol-dori-medias-el-marginal-returns-to-universal-tv-with-season-2\\\/\"]}]},{\"@type\":\"BreadcrumbList\",\"@id\":\"https:\\\/\\\/dorimedia.com\\\/publications\\\/espanol-dori-medias-el-marginal-returns-to-universal-tv-with-season-2\\\/#breadcrumb\",\"itemListElement\":[{\"@type\":\"ListItem\",\"position\":1,\"name\":\"Home\",\"item\":\"https:\\\/\\\/dorimedia.com\\\/\"},{\"@type\":\"ListItem\",\"position\":2,\"name\":\"DORI MEDIA\u2019S \u2018EL MARGINAL\u2019 RETURNS TO UNIVERSAL TV WITH SEASON 2\"}]},{\"@type\":\"WebSite\",\"@id\":\"https:\\\/\\\/dorimedia.com\\\/#website\",\"url\":\"https:\\\/\\\/dorimedia.com\\\/\",\"name\":\"DORI MEDIA\",\"description\":\"Dori Media is an international group of media companies with offices is Israel, Switzerland, Argentina and the USA. The groups&#039; business includes production, broadcast (TV channels), distribution and technical services.\",\"potentialAction\":[{\"@type\":\"SearchAction\",\"target\":{\"@type\":\"EntryPoint\",\"urlTemplate\":\"https:\\\/\\\/dorimedia.com\\\/?s={search_term_string}\"},\"query-input\":{\"@type\":\"PropertyValueSpecification\",\"valueRequired\":true,\"valueName\":\"search_term_string\"}}],\"inLanguage\":\"es\"},{\"@type\":\"Person\",\"@id\":\"https:\\\/\\\/dorimedia.com\\\/#\\\/schema\\\/person\\\/c288a87f9e9ec55e019a3b4633c91389\",\"name\":\"admin\",\"image\":{\"@type\":\"ImageObject\",\"inLanguage\":\"es\",\"@id\":\"https:\\\/\\\/secure.gravatar.com\\\/avatar\\\/2cd82945a664d076473a014ca00741525ac8ad7c0f042a97c9ef7e509ac4e15f?s=96&d=mm&r=g\",\"url\":\"https:\\\/\\\/secure.gravatar.com\\\/avatar\\\/2cd82945a664d076473a014ca00741525ac8ad7c0f042a97c9ef7e509ac4e15f?s=96&d=mm&r=g\",\"contentUrl\":\"https:\\\/\\\/secure.gravatar.com\\\/avatar\\\/2cd82945a664d076473a014ca00741525ac8ad7c0f042a97c9ef7e509ac4e15f?s=96&d=mm&r=g\",\"caption\":\"admin\"},\"url\":\"https:\\\/\\\/dorimedia.com\\\/es\\\/author\\\/admin\\\/\"}]}<\/script>\n<!-- \/ Yoast SEO plugin. -->","yoast_head_json":{"title":"\u2018EL MARGINAL\u2019 DE DORI MEDIA VUELVE A UNIVERSAL TV CON LA TEMPORADA 2 - DORI MEDIA","robots":{"index":"index","follow":"follow","max-snippet":"max-snippet:-1","max-image-preview":"max-image-preview:large","max-video-preview":"max-video-preview:-1"},"canonical":"https:\/\/dorimedia.com\/publications\/espanol-dori-medias-el-marginal-returns-to-universal-tv-with-season-2\/","og_locale":"es_ES","og_type":"article","og_title":"\u2018EL MARGINAL\u2019 DE DORI MEDIA VUELVE A UNIVERSAL TV CON LA TEMPORADA 2 - DORI MEDIA","og_description":"Temporada 1 y 2 se emitir\u00e1n en Am\u00e9rcia Latina en Universal TV &nbsp; Dori Media Group (\u201cDMG\u201d \u201cla Compa\u00f1\u00eda\u201d) se complace de ver el \u00e9xito continuo logrado por la popular serie \u201cEl Marginal\u201d en Am\u00e9rica Latina. La temporada 1 de la galardonada serie de drama y crimen volver\u00e1 a las pantallas de Am\u00e9rica Latina en[...] Read More","og_url":"https:\/\/dorimedia.com\/publications\/espanol-dori-medias-el-marginal-returns-to-universal-tv-with-season-2\/","og_site_name":"DORI MEDIA","article_published_time":"2019-05-16T06:54:39+00:00","article_modified_time":"2019-05-21T06:20:28+00:00","author":"admin","twitter_card":"summary_large_image","twitter_misc":{"Escrito por":"admin","Tiempo de lectura":"4 minutos"},"schema":{"@context":"https:\/\/schema.org","@graph":[{"@type":"Article","@id":"https:\/\/dorimedia.com\/publications\/espanol-dori-medias-el-marginal-returns-to-universal-tv-with-season-2\/#article","isPartOf":{"@id":"https:\/\/dorimedia.com\/publications\/espanol-dori-medias-el-marginal-returns-to-universal-tv-with-season-2\/"},"author":{"name":"admin","@id":"https:\/\/dorimedia.com\/#\/schema\/person\/c288a87f9e9ec55e019a3b4633c91389"},"headline":"\u2018EL MARGINAL\u2019 DE DORI MEDIA VUELVE A UNIVERSAL TV CON LA TEMPORADA 2","datePublished":"2019-05-16T06:54:39+00:00","dateModified":"2019-05-21T06:20:28+00:00","mainEntityOfPage":{"@id":"https:\/\/dorimedia.com\/publications\/espanol-dori-medias-el-marginal-returns-to-universal-tv-with-season-2\/"},"wordCount":891,"articleSection":["Publications"],"inLanguage":"es"},{"@type":"WebPage","@id":"https:\/\/dorimedia.com\/publications\/espanol-dori-medias-el-marginal-returns-to-universal-tv-with-season-2\/","url":"https:\/\/dorimedia.com\/publications\/espanol-dori-medias-el-marginal-returns-to-universal-tv-with-season-2\/","name":"\u2018EL MARGINAL\u2019 DE DORI MEDIA VUELVE A UNIVERSAL TV CON LA TEMPORADA 2 - DORI MEDIA","isPartOf":{"@id":"https:\/\/dorimedia.com\/#website"},"datePublished":"2019-05-16T06:54:39+00:00","dateModified":"2019-05-21T06:20:28+00:00","author":{"@id":"https:\/\/dorimedia.com\/#\/schema\/person\/c288a87f9e9ec55e019a3b4633c91389"},"breadcrumb":{"@id":"https:\/\/dorimedia.com\/publications\/espanol-dori-medias-el-marginal-returns-to-universal-tv-with-season-2\/#breadcrumb"},"inLanguage":"es","potentialAction":[{"@type":"ReadAction","target":["https:\/\/dorimedia.com\/publications\/espanol-dori-medias-el-marginal-returns-to-universal-tv-with-season-2\/"]}]},{"@type":"BreadcrumbList","@id":"https:\/\/dorimedia.com\/publications\/espanol-dori-medias-el-marginal-returns-to-universal-tv-with-season-2\/#breadcrumb","itemListElement":[{"@type":"ListItem","position":1,"name":"Home","item":"https:\/\/dorimedia.com\/"},{"@type":"ListItem","position":2,"name":"DORI MEDIA\u2019S \u2018EL MARGINAL\u2019 RETURNS TO UNIVERSAL TV WITH SEASON 2"}]},{"@type":"WebSite","@id":"https:\/\/dorimedia.com\/#website","url":"https:\/\/dorimedia.com\/","name":"DORI MEDIA","description":"Dori Media is an international group of media companies with offices is Israel, Switzerland, Argentina and the USA. The groups&#039; business includes production, broadcast (TV channels), distribution and technical services.","potentialAction":[{"@type":"SearchAction","target":{"@type":"EntryPoint","urlTemplate":"https:\/\/dorimedia.com\/?s={search_term_string}"},"query-input":{"@type":"PropertyValueSpecification","valueRequired":true,"valueName":"search_term_string"}}],"inLanguage":"es"},{"@type":"Person","@id":"https:\/\/dorimedia.com\/#\/schema\/person\/c288a87f9e9ec55e019a3b4633c91389","name":"admin","image":{"@type":"ImageObject","inLanguage":"es","@id":"https:\/\/secure.gravatar.com\/avatar\/2cd82945a664d076473a014ca00741525ac8ad7c0f042a97c9ef7e509ac4e15f?s=96&d=mm&r=g","url":"https:\/\/secure.gravatar.com\/avatar\/2cd82945a664d076473a014ca00741525ac8ad7c0f042a97c9ef7e509ac4e15f?s=96&d=mm&r=g","contentUrl":"https:\/\/secure.gravatar.com\/avatar\/2cd82945a664d076473a014ca00741525ac8ad7c0f042a97c9ef7e509ac4e15f?s=96&d=mm&r=g","caption":"admin"},"url":"https:\/\/dorimedia.com\/es\/author\/admin\/"}]}},"_links":{"self":[{"href":"https:\/\/dorimedia.com\/es\/wp-json\/wp\/v2\/posts\/3235","targetHints":{"allow":["GET"]}}],"collection":[{"href":"https:\/\/dorimedia.com\/es\/wp-json\/wp\/v2\/posts"}],"about":[{"href":"https:\/\/dorimedia.com\/es\/wp-json\/wp\/v2\/types\/post"}],"author":[{"embeddable":true,"href":"https:\/\/dorimedia.com\/es\/wp-json\/wp\/v2\/users\/1"}],"replies":[{"embeddable":true,"href":"https:\/\/dorimedia.com\/es\/wp-json\/wp\/v2\/comments?post=3235"}],"version-history":[{"count":2,"href":"https:\/\/dorimedia.com\/es\/wp-json\/wp\/v2\/posts\/3235\/revisions"}],"predecessor-version":[{"id":3243,"href":"https:\/\/dorimedia.com\/es\/wp-json\/wp\/v2\/posts\/3235\/revisions\/3243"}],"wp:attachment":[{"href":"https:\/\/dorimedia.com\/es\/wp-json\/wp\/v2\/media?parent=3235"}],"wp:term":[{"taxonomy":"category","embeddable":true,"href":"https:\/\/dorimedia.com\/es\/wp-json\/wp\/v2\/categories?post=3235"},{"taxonomy":"post_tag","embeddable":true,"href":"https:\/\/dorimedia.com\/es\/wp-json\/wp\/v2\/tags?post=3235"}],"curies":[{"name":"wp","href":"https:\/\/api.w.org\/{rel}","templated":true}]}}